{"id":760,"date":"2020-08-06T10:50:44","date_gmt":"2020-08-06T08:50:44","guid":{"rendered":"http:\/\/patrzacnawschod.pl\/?p=760"},"modified":"2020-08-06T10:51:00","modified_gmt":"2020-08-06T08:51:00","slug":"komunikat","status":"publish","type":"post","link":"https:\/\/patrzacnawschod.pl\/index.php\/2020\/08\/06\/komunikat\/","title":{"rendered":"Komunikat"},"content":{"rendered":"\n<p>Drodzy! Widzimy si\u0119 ju\u017c dos\u0142ownie za kilka dni, a jako \u017ce festiwal organizowany jest w czasie pandemii, bardzo prosimy o odpowiedzialno\u015b\u0107 &#8211; za siebie i za innych &#8211; oraz o przestrzeganie kilku zasad bezpiecze\u0144stwa:<\/p>\n\n\n\n<p>1. Przypominamy: za bram\u0119 gospodarstwa agroturystycznego Piotra Malczewskiego, gdzie odbywaj\u0105 si\u0119 wszystkie imprezy festiwalowe, b\u0119d\u0105 wpuszczane tylko i wy\u0142\u0105cznie osoby z maseczkami i p\u0142ynami dezynfekuj\u0105cymi. Bardzo prosimy, potraktujcie nasz\u0105 pro\u015bb\u0119 powa\u017cnie&#8230;<\/p>\n\n\n\n<p>2. Poniewa\u017c ka\u017cdy z uczestnik\u00f3w festiwalu b\u0119dzie musia\u0142 wype\u0142ni\u0107 COVID-ow\u0105 deklaracj\u0119, prosimy: przychod\u017acie w miar\u0119 mo\u017cliwo\u015bci wcze\u015bniej, aby\u015bmy mogli dope\u0142ni\u0107 wszystkich obostrze\u0144 i formalno\u015bci i nie zaczynali spotka\u0144 z nadmiernym po\u015blizgiem<\/p>\n\n\n\n<p>3. Wst\u0119p na wszystkie spotkania (poza niekt\u00f3rymi warsztatami) jest bezp\u0142atny, nie obowi\u0105zuje limit 150 os\u00f3b, ale \u017ceby\u015bmy wszyscy czuli si\u0119 komfortowo, b\u0105d\u017acie wcze\u015bniej, aby ka\u017cdy m\u00f3g\u0142 spokojnie kupi\u0107 ksi\u0105\u017ck\u0119, zaj\u0105\u0107 miejsce i cieszy\u0107 si\u0119 tym festiwalem. Szczeg\u00f3\u0142owy program festiwalu znajdziecie tu: <a rel=\"noreferrer noopener\" href=\"https:\/\/l.facebook.com\/l.php?u=http%3A%2F%2Fwww.patrzacnawschod.pl%2F%3Ffbclid%3DIwAR1WmWMQoELiyumkoCGkVRyfs1YeXofeEX_jH2EBneREWU3MIWSNYL3QJEo&amp;h=AT1yqLjQMUsisDqkBBo6n6k63SPEUUt7XbL15Dz2-WZsw_3STY_J0QFzWfu5SIlO600kzfge82zfPeCogtt1U-MiykYXKlc7yVGztkZgpftCzOCf9Dp0bM6MublxMLJ7Jjlg&amp;__tn__=-UK-R&amp;c[0]=AT11YpL7w5IbMWJ1cpstAe7nM6rhj_gE8oj1G7bl0ARI02kZKwu-2COlZhTU12RUcsx_aaDzQAJTRExfO_SlYphJQyt5OYWeCHOTYi_n-bbJ_gd-e4lzCsko5-Zi4WLySPmtc-XI7s_2m7h3UexwiSS-7q-P5en_4YNo04OjE_XVCwF9MBUajXOCKl42mmI\" target=\"_blank\">www.patrzacnawschod.pl<\/a><\/p>\n","protected":false},"excerpt":{"rendered":"<p>Drodzy! Widzimy si\u0119 ju\u017c dos\u0142ownie za kilka dni, a jako \u017ce festiwal organizowany jest w czasie pandemii, bardzo prosimy o odpowiedzialno\u015b\u0107 &#8211; za siebie i za innych &#8211; oraz o przestrzeganie kilku zasad bezpiecze\u0144stwa: 1. Przypominamy: za bram\u0119 gospodarstwa agroturystycznego Piotra Malczewskiego, gdzie odbywaj\u0105 si\u0119 wszystkie imprezy festiwalowe, b\u0119d\u0105 wpuszczane tylko i wy\u0142\u0105cznie osoby z &hellip; <\/p>\n<p><a href=\"https:\/\/patrzacnawschod.pl\/index.php\/2020\/08\/06\/komunikat\/\" class=\"more-link\">Read more<span class=\"screen-reader-text\"> &#8222;Komunikat&#8221;<\/span><\/a><\/p>\n","protected":false},"author":1,"featured_media":761,"comment_status":"open","ping_status":"open","sticky":false,"template":"","format":"standard","meta":{"footnotes":""},"categories":[72],"tags":[],"class_list":["post-760","post","type-post","status-publish","format-standard","has-post-thumbnail","hentry","category-aktualnosci"],"_links":{"self":[{"href":"https:\/\/patrzacnawschod.pl\/index.php\/wp-json\/wp\/v2\/posts\/760","targetHints":{"allow":["GET"]}}],"collection":[{"href":"https:\/\/patrzacnawschod.pl\/index.php\/wp-json\/wp\/v2\/posts"}],"about":[{"href":"https:\/\/patrzacnawschod.pl\/index.php\/wp-json\/wp\/v2\/types\/post"}],"author":[{"embeddable":true,"href":"https:\/\/patrzacnawschod.pl\/index.php\/wp-json\/wp\/v2\/users\/1"}],"replies":[{"embeddable":true,"href":"https:\/\/patrzacnawschod.pl\/index.php\/wp-json\/wp\/v2\/comments?post=760"}],"version-history":[{"count":2,"href":"https:\/\/patrzacnawschod.pl\/index.php\/wp-json\/wp\/v2\/posts\/760\/revisions"}],"predecessor-version":[{"id":763,"href":"https:\/\/patrzacnawschod.pl\/index.php\/wp-json\/wp\/v2\/posts\/760\/revisions\/763"}],"wp:featuredmedia":[{"embeddable":true,"href":"https:\/\/patrzacnawschod.pl\/index.php\/wp-json\/wp\/v2\/media\/761"}],"wp:attachment":[{"href":"https:\/\/patrzacnawschod.pl\/index.php\/wp-json\/wp\/v2\/media?parent=760"}],"wp:term":[{"taxonomy":"category","embeddable":true,"href":"https:\/\/patrzacnawschod.pl\/index.php\/wp-json\/wp\/v2\/categories?post=760"},{"taxonomy":"post_tag","embeddable":true,"href":"https:\/\/patrzacnawschod.pl\/index.php\/wp-json\/wp\/v2\/tags?post=760"}],"curies":[{"name":"wp","href":"https:\/\/api.w.org\/{rel}","templated":true}]}}